{"id":9932,"date":"2022-12-27T16:07:12","date_gmt":"2022-12-27T15:07:12","guid":{"rendered":"https:\/\/izlozba.dizajn.hr\/2122\/?p=9932"},"modified":"2022-12-27T16:07:26","modified_gmt":"2022-12-27T15:07:26","slug":"promjena-kao-jedina-konstanta","status":"publish","type":"post","link":"https:\/\/izlozba.dizajn.hr\/2122\/promjena-kao-jedina-konstanta-9932\/","title":{"rendered":"Promjena kao jedina konstanta"},"content":{"rendered":"<p>Dragi \u010ditatelji, ljubitelji dizajna i svi koji vjerno pratite hrvatsku dizajn scenu, pred vama se nalazi jo\u0161 jedan sveobuhvatan <em>Pregled hrvatskog dizajna<\/em>, koji je, osim katalo\u0161kog pregleda svih radova s <em>Izlo\u017ebe hrvatskog dizajna<\/em>, oboga\u0107en sadr\u017eajima bitnim za kontekstualizaciju vremena u kojem su nastajali selektirani radovi. Rije\u010d je upravo o postpandemijskom periodu globalne ekonomske nesigurnosti i nestabilnosti, koji je kulminirao po\u010detkom 2022. godine u trenutku ruske agresije nad Ukrajinom. \u017divimo, radimo i nadamo se malo mirnijem periodu, i\u0161\u010dekuju\u0107i da se kuna preko no\u0107i promijeni u euro, te usprkos neizvjesnosti, hrabro prihva\u0107amo promjenu kao jedinu konstantu.<\/p>\n<p>I to su ukratko utjecaji op\u0107eg stanja koji se osjete i na profesionalnom planu u dizajnu, pogotovo u na\u0161oj profesiji jer \u010desto svjedo\u010dimo da se na dizajnu \u0161tedi i kako se anga\u017eiranje dizajnera u pravilu do\u017eivljava kao dodatna vrijednost, gotovo kao luksuz, dok uporno tvrdimo i dokazujemo rezultatima, pa upravo i na ovakvim izlo\u017ebama, da dizajneri svojim znanjem doprinose na svim razinama oblikovanja, konkretno praksama koje su dru\u0161tveno i ekonomski prihvatljive te u skladu sa svjetskim trendovima smanjenja utjecaja na okoli\u0161. Jo\u0161 va\u017enije, kao \u0161to \u0107ete vidjeti u katalogu, dizajneri ravnopravno sudjeluju u osmi\u0161ljavanju novih koncepata djelovanja koji nerijetko uklju\u010duju i participaciju lokalne zajednice u raznim procesima oblikovanja, \u0161to podi\u017ee razinu osvije\u0161tenosti i bolje razumijevanje dizajna kod naru\u010ditelja, ali i krajnjih korisnika. Iako je prethodno izdanje <em>Izlo\u017ebe hrvatskog dizajna 19\/20<\/em> obilje\u017eeno zna\u010dajnim dru\u0161tvenim utjecajima poput pandemije koronavirusa i potresima, koji su trajno izmijenili na\u010din na koji \u017eivimo i djelujemo, uklju\u010duju\u0107i prostore i arhitekturu, zapravo \u0107emo tek u ovogodi\u0161njem izdanju izlo\u017ebe vidjeti \u0161to to konkretno zna\u010di za projekte koje su dizajneri radili u tom tranzicijskom periodu i kako se to reflektira u dizajnu. U odnosu na pro\u0161lo nekonvencionalno izdanje izlo\u017ebe koje smo odr\u017eali online (ali i u sa\u017eetom obliku u fizi\u010dkom muzejskom prostoru Muzeja za umjetnost i obrt u Zagrebu te u Multimedijalnom kulturnom centru u Splitu i Muzeju grada Rijeke), imitiraju\u0107i tako na\u010din na koji je cijeli svijet funkcionirao zbog ograni\u010denja kretanja, dru\u017eenja i dodatno \u010dinjenice da je prostor Muzeja za umjetnost i obrt u kojemu smo godinama gostovali s izlo\u017ebom stavljen izvan funkcije na idu\u0107ih nekoliko godina \u010dekaju\u0107i obnovu, ove godine <em>Izlo\u017ebu hrvatskog dizajna<\/em> organiziramo u Laubi u njenom punom izdanju, dakle uz prikaz svih selektiranih radova. I zaista se veselimo otvorenju u\u017eivo.<\/p>\n<p>Svaki katalog <em>Izlo\u017ebe hrvatskog dizajna<\/em>, pa tako i ovaj, retrospektivno sagledava presjek profesionalnih i studentskih radova uz poku\u0161aje rasvjetljavanja zanimljivih fenomena i situacija u struci kroz intervjue sa stru\u010dnim \u017eirijem, kao i dodatnim tekstovima cijenjenih kolega. Nakon uobi\u010dajeno jake i radovima bogate kategorije vizualnih komunikacija, ono \u0161to se na prvi pogled mo\u017ee primijetiti jest i sve stabilniji broj prijavljenih, pa tako i selektiranih radova u kategoriji dizajna u digitalnim medijima i dizajna interakcija, \u0161to vidimo kao posljedicu razvoja novih tehnologija i potreba tr\u017ei\u0161ta. No, mo\u017eemo to promatrati i kroz prizmu recentnih doga\u0111aja i zaklju\u010diti da je zna\u010dajna promjena na\u010dina rada i \u017eivota u smjeru pove\u0107ane upotrebe digitalnih servisa i aplikacija doista vidljiva u radovima prisutnima na izlo\u017ebi. Osobno me veseli vidjeti velik broj naru\u010ditelja dizajniranih publikacija i knjiga koji na neki na\u010din odmahuju rukom la\u017enim proro\u010danstvima da \u0107e tiskana izdanja izgubiti svoju funkciju te da \u0107e \u010ditanje prona\u0107i svoju alternativu u digitalnom mediju. Jer, ba\u0161 kao i digitalna tehnologija, i tehnologija tiska se razvija, a mjesta za napredak ima jo\u0161 mnogo u smjeru ekolo\u0161ki prihvatljivih boja, papira te odr\u017eivih metoda tiska. Prostorne intervencije i sistemi sve su zanimljivija i sveobuhvatnija kategorija, i sve va\u017enija jer kroz selektirane radove vjerno demonstrira raznoliku ulogu dizajnera u tim projektima, \u0161to podcrtava \u010dinjenicu o multidisciplinarnom aspektu na\u0161eg zanimanja na koju se \u010desto i kao strukovno udru\u017eenje pozivamo.<\/p>\n<p>I na kraju ovog kratkog osvrta, rekla bih da me veseli sve ve\u0107i broj dizajnera, naru\u010ditelja i stru\u010dnih suradnika \u010diji radovi su prisutni na izlo\u017ebi jer time se iznova potvr\u0111uje potreba za ovakvim na\u010dinom bilje\u017eenja i prezentacije dizajna, a time i utjecaja koji oblikovanje predmetne okoline ima na na\u0161u svakodnevicu. A vidjeti izlo\u017ebu u\u017eivo ove godine svakako je prilika koju treba iskoristiti.<\/p>\n","protected":false},"excerpt":{"rendered":"<p>Ma\u0161a Milovac, predsjednica Hrvatskog dizajnerskog dru\u0161tva<\/p>\n","protected":false},"author":1,"featured_media":9933,"comment_status":"open","ping_status":"closed","sticky":false,"template":"","format":"standard","meta":{"footnotes":""},"categories":[1],"tags":[],"_links":{"self":[{"href":"https:\/\/izlozba.dizajn.hr\/2122\/wp-json\/wp\/v2\/posts\/9932"}],"collection":[{"href":"https:\/\/izlozba.dizajn.hr\/2122\/wp-json\/wp\/v2\/posts"}],"about":[{"href":"https:\/\/izlozba.dizajn.hr\/2122\/wp-json\/wp\/v2\/types\/post"}],"author":[{"embeddable":true,"href":"https:\/\/izlozba.dizajn.hr\/2122\/wp-json\/wp\/v2\/users\/1"}],"replies":[{"embeddable":true,"href":"https:\/\/izlozba.dizajn.hr\/2122\/wp-json\/wp\/v2\/comments?post=9932"}],"version-history":[{"count":1,"href":"https:\/\/izlozba.dizajn.hr\/2122\/wp-json\/wp\/v2\/posts\/9932\/revisions"}],"predecessor-version":[{"id":9935,"href":"https:\/\/izlozba.dizajn.hr\/2122\/wp-json\/wp\/v2\/posts\/9932\/revisions\/9935"}],"wp:featuredmedia":[{"embeddable":true,"href":"https:\/\/izlozba.dizajn.hr\/2122\/wp-json\/wp\/v2\/media\/9933"}],"wp:attachment":[{"href":"https:\/\/izlozba.dizajn.hr\/2122\/wp-json\/wp\/v2\/media?parent=9932"}],"wp:term":[{"taxonomy":"category","embeddable":true,"href":"https:\/\/izlozba.dizajn.hr\/2122\/wp-json\/wp\/v2\/categories?post=9932"},{"taxonomy":"post_tag","embeddable":true,"href":"https:\/\/izlozba.dizajn.hr\/2122\/wp-json\/wp\/v2\/tags?post=9932"}],"curies":[{"name":"wp","href":"https:\/\/api.w.org\/{rel}","templated":true}]}}